{"id":7667,"date":"2021-02-26T10:55:40","date_gmt":"2021-02-26T10:55:40","guid":{"rendered":"https:\/\/www.sediver.com\/?p=7667"},"modified":"2021-02-26T10:58:09","modified_gmt":"2021-02-26T10:58:09","slug":"sediver-programme-de-decarbonisation","status":"publish","type":"post","link":"https:\/\/www.sediver.com\/fr\/actualites\/sediver-programme-de-decarbonisation\/","title":{"rendered":"Sediver &#8211; Programme de d\u00e9carbonisation"},"content":{"rendered":"\n<p><strong>Sediver compense ses \u00e9missions de carbone gr\u00e2ce \u00e0 un partenariat avec ClimateCare.<\/strong><\/p>\n\n\n\n<p><em>Alors que nous prenons des mesures pour r\u00e9duire nos \u00e9missions, nous compensons les \u00e9missions in\u00e9vitables gr\u00e2ce \u00e0 des projets en Afrique et en Inde.<\/em><\/p>\n\n\n\n<h1 class=\"wp-block-heading\">Sediver compense ses \u00e9missions de carbone par des projets en Afrique et en Inde<\/h1>\n\n\n\n<figure class=\"wp-block-image size-large is-resized\"><img decoding=\"async\" src=\"https:\/\/www.sediver.com\/wp-content\/uploads\/ClimateCare_AwareCompany2020_CMYK.png\" alt=\"\" class=\"wp-image-7630\" width=\"203\" height=\"203\" srcset=\"https:\/\/www.sediver.com\/wp-content\/uploads\/ClimateCare_AwareCompany2020_CMYK.png 443w, https:\/\/www.sediver.com\/wp-content\/uploads\/ClimateCare_AwareCompany2020_CMYK-300x300.png 300w, https:\/\/www.sediver.com\/wp-content\/uploads\/ClimateCare_AwareCompany2020_CMYK-100x100.png 100w\" sizes=\"(max-width: 203px) 100vw, 203px\" \/><\/figure>\n\n\n\n<p>&nbsp;Dans le cadre de notre d\u00e9marche d&rsquo;assumer la responsabilit\u00e9 de notre impact sur l&rsquo;environnement (voir nos derni\u00e8res actions ci-dessous), nous nous sommes associ\u00e9s aux experts du climat et du d\u00e9veloppement durable <strong>ClimateCare <\/strong>pour compenser les \u00e9missions de carbone en soutenant des projets internationaux qui r\u00e9duisent le carbone et am\u00e9liorent la vie.<\/p>\n\n\n\n<figure class=\"wp-block-image size-large is-resized\"><img decoding=\"async\" src=\"https:\/\/www.sediver.com\/wp-content\/uploads\/ESG_sediver_FR.jpg\" alt=\"\" class=\"wp-image-7668\" width=\"497\" height=\"404\" srcset=\"https:\/\/www.sediver.com\/wp-content\/uploads\/ESG_sediver_FR.jpg 864w, https:\/\/www.sediver.com\/wp-content\/uploads\/ESG_sediver_FR-300x244.jpg 300w, https:\/\/www.sediver.com\/wp-content\/uploads\/ESG_sediver_FR-768x626.jpg 768w\" sizes=\"(max-width: 497px) 100vw, 497px\" \/><\/figure>\n\n\n\n<p>En plus de prendre des mesures pour r\u00e9duire notre empreinte environnementale dans toutes nos activit\u00e9s, <strong>les \u00e9missions in\u00e9vitables (scope 1 et 2) sont compens\u00e9es par deux projets de premier plan en <a href=\"https:\/\/www.sediver.com\/wp-content\/uploads\/Gola_factsheet.pdf\" target=\"_blank\" rel=\"noreferrer noopener\">Afrique<\/a> et en <a href=\"https:\/\/www.sediver.com\/wp-content\/uploads\/India_factsheet.pdf\" target=\"_blank\" rel=\"noreferrer noopener\">Inde<\/a>.<\/strong><\/p>\n\n\n\n<figure class=\"wp-block-image size-large is-resized\"><img decoding=\"async\" src=\"https:\/\/www.sediver.com\/wp-content\/uploads\/CC_projects_FR.jpg\" alt=\"\" class=\"wp-image-7671\" width=\"496\" height=\"496\" srcset=\"https:\/\/www.sediver.com\/wp-content\/uploads\/CC_projects_FR.jpg 1008w, https:\/\/www.sediver.com\/wp-content\/uploads\/CC_projects_FR-300x300.jpg 300w, https:\/\/www.sediver.com\/wp-content\/uploads\/CC_projects_FR-100x100.jpg 100w, https:\/\/www.sediver.com\/wp-content\/uploads\/CC_projects_FR-768x768.jpg 768w\" sizes=\"(max-width: 496px) 100vw, 496px\" \/><\/figure>\n\n\n\n<h1 class=\"wp-block-heading\">L&rsquo;approche de ClimateCare<\/h1>\n\n\n\n<blockquote class=\"wp-block-quote is-layout-flow wp-block-quote-is-layout-flow\"><p><em>\u201cNotre vision est un monde climatiquement neutre, o\u00f9 chacun assume l&rsquo;enti\u00e8re responsabilit\u00e9 de son empreinte carbone.\u201d<\/em><\/p><cite>ClimateCare<\/cite><\/blockquote>\n\n\n\n<p>ClimateCare est une entreprise \u00e0 but lucratif qui travaille avec des organisations avant-gardistes pour<strong> les aider \u00e0 transformer leurs responsabilit\u00e9s climatiques en r\u00e9sultats positif<\/strong>s.<\/p>\n\n\n\n<p>ClimateCare d\u00e9veloppe des programmes Climate + Care \u00e0 fort impact pour <strong>lutter contre la pauvret\u00e9, am\u00e9liorer la sant\u00e9 et prot\u00e9ger l&rsquo;environnement<\/strong>.<\/p>\n\n\n\n<h2 class=\"wp-block-heading\">Depuis 1997, ClimateCare et ses partenaires ont<\/h2>\n\n\n\n<figure class=\"wp-block-image size-large is-resized\"><img decoding=\"async\" src=\"https:\/\/www.sediver.com\/wp-content\/uploads\/climatecare_results_FR.png\" alt=\"\" class=\"wp-image-7674\" width=\"388\" height=\"110\" srcset=\"https:\/\/www.sediver.com\/wp-content\/uploads\/climatecare_results_FR.png 576w, https:\/\/www.sediver.com\/wp-content\/uploads\/climatecare_results_FR-300x85.png 300w\" sizes=\"(max-width: 388px) 100vw, 388px\" \/><\/figure>\n\n\n\n<p>Au cours des derni\u00e8res ann\u00e9es, SEDIVER a mis l&rsquo;accent sur les sujets li\u00e9s \u00e0 l&rsquo;environnement, au social et \u00e0 la gouvernance \u00e0 travers son <strong>programme ESG<\/strong> comprenant l&rsquo;engagement ESG, les politiques et proc\u00e9dures ESG, le reporting des performances et le suivi d&rsquo;un plan d&rsquo;action ESG annuel, ainsi qu&rsquo;une <strong>contribution significative aux 7 objectifs de d\u00e9veloppement durable de l&rsquo;ONU<\/strong>.<\/p>\n\n\n\n<figure class=\"wp-block-image size-large\"><img decoding=\"async\" width=\"860\" height=\"128\" src=\"https:\/\/www.sediver.com\/wp-content\/uploads\/sediver_SDG.png\" alt=\"\" class=\"wp-image-7636\" srcset=\"https:\/\/www.sediver.com\/wp-content\/uploads\/sediver_SDG.png 860w, https:\/\/www.sediver.com\/wp-content\/uploads\/sediver_SDG-300x45.png 300w, https:\/\/www.sediver.com\/wp-content\/uploads\/sediver_SDG-768x114.png 768w\" sizes=\"(max-width: 860px) 100vw, 860px\" \/><\/figure>\n","protected":false},"excerpt":{"rendered":"<p>Sediver compense ses \u00e9missions de carbone gr\u00e2ce \u00e0 un partenariat avec ClimateCare. Alors que nous prenons des mesures pour r\u00e9duire nos \u00e9missions, nous compensons les \u00e9missions in\u00e9vitables gr\u00e2ce \u00e0 des projets en Afrique et en Inde. Sediver compense ses \u00e9missions de carbone par des projets en Afrique et en Inde &nbsp;Dans le cadre de notre [&hellip;]<\/p>\n","protected":false},"author":4,"featured_media":7645,"comment_status":"closed","ping_status":"closed","sticky":false,"template":"","format":"standard","meta":{"_acf_changed":false,"footnotes":""},"categories":[2],"tags":[],"class_list":["post-7667","post","type-post","status-publish","format-standard","has-post-thumbnail","hentry","category-actualites"],"acf":[],"yoast_head":"<!-- This site is optimized with the Yoast SEO plugin v27.5 - https:\/\/yoast.com\/product\/yoast-seo-wordpress\/ -->\n<title>Sediver - Programme de d\u00e9carbonisation - Sediver<\/title>\n<meta name=\"robots\" content=\"index, follow, max-snippet:-1, max-image-preview:large, max-video-preview:-1\" \/>\n<link rel=\"canonical\" href=\"https:\/\/www.sediver.com\/fr\/actualites\/sediver-programme-de-decarbonisation\/\" \/>\n<meta property=\"og:locale\" content=\"fr_FR\" \/>\n<meta property=\"og:type\" content=\"article\" \/>\n<meta property=\"og:title\" content=\"Sediver - Programme de d\u00e9carbonisation - Sediver\" \/>\n<meta property=\"og:description\" content=\"Sediver compense ses \u00e9missions de carbone gr\u00e2ce \u00e0 un partenariat avec ClimateCare. Alors que nous prenons des mesures pour r\u00e9duire nos \u00e9missions, nous compensons les \u00e9missions in\u00e9vitables gr\u00e2ce \u00e0 des projets en Afrique et en Inde. Sediver compense ses \u00e9missions de carbone par des projets en Afrique et en Inde &nbsp;Dans le cadre de notre [&hellip;]\" \/>\n<meta property=\"og:url\" content=\"https:\/\/www.sediver.com\/fr\/actualites\/sediver-programme-de-decarbonisation\/\" \/>\n<meta property=\"og:site_name\" content=\"Sediver\" \/>\n<meta property=\"article:published_time\" content=\"2021-02-26T10:55:40+00:00\" \/>\n<meta property=\"article:modified_time\" content=\"2021-02-26T10:58:09+00:00\" \/>\n<meta property=\"og:image\" content=\"https:\/\/www.sediver.com\/wp-content\/uploads\/climatecare_sediver.jpg\" \/>\n\t<meta property=\"og:image:width\" content=\"1250\" \/>\n\t<meta property=\"og:image:height\" content=\"650\" \/>\n\t<meta property=\"og:image:type\" content=\"image\/jpeg\" \/>\n<meta name=\"author\" content=\"Carine Louis\" \/>\n<meta name=\"twitter:card\" content=\"summary_large_image\" \/>\n<meta name=\"twitter:label1\" content=\"\u00c9crit par\" \/>\n\t<meta name=\"twitter:data1\" content=\"Carine Louis\" \/>\n\t<meta name=\"twitter:label2\" content=\"Dur\u00e9e de lecture estim\u00e9e\" \/>\n\t<meta name=\"twitter:data2\" content=\"1 minute\" \/>\n<script type=\"application\/ld+json\" class=\"yoast-schema-graph\">{\"@context\":\"https:\\\/\\\/schema.org\",\"@graph\":[{\"@type\":\"Article\",\"@id\":\"https:\\\/\\\/www.sediver.com\\\/fr\\\/actualites\\\/sediver-programme-de-decarbonisation\\\/#article\",\"isPartOf\":{\"@id\":\"https:\\\/\\\/www.sediver.com\\\/fr\\\/actualites\\\/sediver-programme-de-decarbonisation\\\/\"},\"author\":{\"name\":\"Carine Louis\",\"@id\":\"https:\\\/\\\/www.sediver.com\\\/fr\\\/#\\\/schema\\\/person\\\/c1bd2b6da3d53114b4cccca0ac8dcbe8\"},\"headline\":\"Sediver &#8211; Programme de d\u00e9carbonisation\",\"datePublished\":\"2021-02-26T10:55:40+00:00\",\"dateModified\":\"2021-02-26T10:58:09+00:00\",\"mainEntityOfPage\":{\"@id\":\"https:\\\/\\\/www.sediver.com\\\/fr\\\/actualites\\\/sediver-programme-de-decarbonisation\\\/\"},\"wordCount\":297,\"image\":{\"@id\":\"https:\\\/\\\/www.sediver.com\\\/fr\\\/actualites\\\/sediver-programme-de-decarbonisation\\\/#primaryimage\"},\"thumbnailUrl\":\"https:\\\/\\\/www.sediver.com\\\/wp-content\\\/uploads\\\/climatecare_sediver.jpg\",\"articleSection\":[\"Actualit\u00e9s\"],\"inLanguage\":\"fr-FR\"},{\"@type\":\"WebPage\",\"@id\":\"https:\\\/\\\/www.sediver.com\\\/fr\\\/actualites\\\/sediver-programme-de-decarbonisation\\\/\",\"url\":\"https:\\\/\\\/www.sediver.com\\\/fr\\\/actualites\\\/sediver-programme-de-decarbonisation\\\/\",\"name\":\"Sediver - Programme de d\u00e9carbonisation - Sediver\",\"isPartOf\":{\"@id\":\"https:\\\/\\\/www.sediver.com\\\/fr\\\/#website\"},\"primaryImageOfPage\":{\"@id\":\"https:\\\/\\\/www.sediver.com\\\/fr\\\/actualites\\\/sediver-programme-de-decarbonisation\\\/#primaryimage\"},\"image\":{\"@id\":\"https:\\\/\\\/www.sediver.com\\\/fr\\\/actualites\\\/sediver-programme-de-decarbonisation\\\/#primaryimage\"},\"thumbnailUrl\":\"https:\\\/\\\/www.sediver.com\\\/wp-content\\\/uploads\\\/climatecare_sediver.jpg\",\"datePublished\":\"2021-02-26T10:55:40+00:00\",\"dateModified\":\"2021-02-26T10:58:09+00:00\",\"author\":{\"@id\":\"https:\\\/\\\/www.sediver.com\\\/fr\\\/#\\\/schema\\\/person\\\/c1bd2b6da3d53114b4cccca0ac8dcbe8\"},\"breadcrumb\":{\"@id\":\"https:\\\/\\\/www.sediver.com\\\/fr\\\/actualites\\\/sediver-programme-de-decarbonisation\\\/#breadcrumb\"},\"inLanguage\":\"fr-FR\",\"potentialAction\":[{\"@type\":\"ReadAction\",\"target\":[\"https:\\\/\\\/www.sediver.com\\\/fr\\\/actualites\\\/sediver-programme-de-decarbonisation\\\/\"]}]},{\"@type\":\"ImageObject\",\"inLanguage\":\"fr-FR\",\"@id\":\"https:\\\/\\\/www.sediver.com\\\/fr\\\/actualites\\\/sediver-programme-de-decarbonisation\\\/#primaryimage\",\"url\":\"https:\\\/\\\/www.sediver.com\\\/wp-content\\\/uploads\\\/climatecare_sediver.jpg\",\"contentUrl\":\"https:\\\/\\\/www.sediver.com\\\/wp-content\\\/uploads\\\/climatecare_sediver.jpg\",\"width\":1250,\"height\":650,\"caption\":\"ClimateCare - Sediver\"},{\"@type\":\"BreadcrumbList\",\"@id\":\"https:\\\/\\\/www.sediver.com\\\/fr\\\/actualites\\\/sediver-programme-de-decarbonisation\\\/#breadcrumb\",\"itemListElement\":[{\"@type\":\"ListItem\",\"position\":1,\"name\":\"Accueil\",\"item\":\"https:\\\/\\\/www.sediver.com\\\/fr\\\/\"},{\"@type\":\"ListItem\",\"position\":2,\"name\":\"Sediver &#8211; Programme de d\u00e9carbonisation\"}]},{\"@type\":\"WebSite\",\"@id\":\"https:\\\/\\\/www.sediver.com\\\/fr\\\/#website\",\"url\":\"https:\\\/\\\/www.sediver.com\\\/fr\\\/\",\"name\":\"Sediver\",\"description\":\"\",\"potentialAction\":[{\"@type\":\"SearchAction\",\"target\":{\"@type\":\"EntryPoint\",\"urlTemplate\":\"https:\\\/\\\/www.sediver.com\\\/fr\\\/?s={search_term_string}\"},\"query-input\":{\"@type\":\"PropertyValueSpecification\",\"valueRequired\":true,\"valueName\":\"search_term_string\"}}],\"inLanguage\":\"fr-FR\"},{\"@type\":\"Person\",\"@id\":\"https:\\\/\\\/www.sediver.com\\\/fr\\\/#\\\/schema\\\/person\\\/c1bd2b6da3d53114b4cccca0ac8dcbe8\",\"name\":\"Carine Louis\"}]}<\/script>\n<!-- \/ Yoast SEO plugin. -->","yoast_head_json":{"title":"Sediver - Programme de d\u00e9carbonisation - Sediver","robots":{"index":"index","follow":"follow","max-snippet":"max-snippet:-1","max-image-preview":"max-image-preview:large","max-video-preview":"max-video-preview:-1"},"canonical":"https:\/\/www.sediver.com\/fr\/actualites\/sediver-programme-de-decarbonisation\/","og_locale":"fr_FR","og_type":"article","og_title":"Sediver - Programme de d\u00e9carbonisation - Sediver","og_description":"Sediver compense ses \u00e9missions de carbone gr\u00e2ce \u00e0 un partenariat avec ClimateCare. Alors que nous prenons des mesures pour r\u00e9duire nos \u00e9missions, nous compensons les \u00e9missions in\u00e9vitables gr\u00e2ce \u00e0 des projets en Afrique et en Inde. Sediver compense ses \u00e9missions de carbone par des projets en Afrique et en Inde &nbsp;Dans le cadre de notre [&hellip;]","og_url":"https:\/\/www.sediver.com\/fr\/actualites\/sediver-programme-de-decarbonisation\/","og_site_name":"Sediver","article_published_time":"2021-02-26T10:55:40+00:00","article_modified_time":"2021-02-26T10:58:09+00:00","og_image":[{"width":1250,"height":650,"url":"https:\/\/www.sediver.com\/wp-content\/uploads\/climatecare_sediver.jpg","type":"image\/jpeg"}],"author":"Carine Louis","twitter_card":"summary_large_image","twitter_misc":{"\u00c9crit par":"Carine Louis","Dur\u00e9e de lecture estim\u00e9e":"1 minute"},"schema":{"@context":"https:\/\/schema.org","@graph":[{"@type":"Article","@id":"https:\/\/www.sediver.com\/fr\/actualites\/sediver-programme-de-decarbonisation\/#article","isPartOf":{"@id":"https:\/\/www.sediver.com\/fr\/actualites\/sediver-programme-de-decarbonisation\/"},"author":{"name":"Carine Louis","@id":"https:\/\/www.sediver.com\/fr\/#\/schema\/person\/c1bd2b6da3d53114b4cccca0ac8dcbe8"},"headline":"Sediver &#8211; Programme de d\u00e9carbonisation","datePublished":"2021-02-26T10:55:40+00:00","dateModified":"2021-02-26T10:58:09+00:00","mainEntityOfPage":{"@id":"https:\/\/www.sediver.com\/fr\/actualites\/sediver-programme-de-decarbonisation\/"},"wordCount":297,"image":{"@id":"https:\/\/www.sediver.com\/fr\/actualites\/sediver-programme-de-decarbonisation\/#primaryimage"},"thumbnailUrl":"https:\/\/www.sediver.com\/wp-content\/uploads\/climatecare_sediver.jpg","articleSection":["Actualit\u00e9s"],"inLanguage":"fr-FR"},{"@type":"WebPage","@id":"https:\/\/www.sediver.com\/fr\/actualites\/sediver-programme-de-decarbonisation\/","url":"https:\/\/www.sediver.com\/fr\/actualites\/sediver-programme-de-decarbonisation\/","name":"Sediver - Programme de d\u00e9carbonisation - Sediver","isPartOf":{"@id":"https:\/\/www.sediver.com\/fr\/#website"},"primaryImageOfPage":{"@id":"https:\/\/www.sediver.com\/fr\/actualites\/sediver-programme-de-decarbonisation\/#primaryimage"},"image":{"@id":"https:\/\/www.sediver.com\/fr\/actualites\/sediver-programme-de-decarbonisation\/#primaryimage"},"thumbnailUrl":"https:\/\/www.sediver.com\/wp-content\/uploads\/climatecare_sediver.jpg","datePublished":"2021-02-26T10:55:40+00:00","dateModified":"2021-02-26T10:58:09+00:00","author":{"@id":"https:\/\/www.sediver.com\/fr\/#\/schema\/person\/c1bd2b6da3d53114b4cccca0ac8dcbe8"},"breadcrumb":{"@id":"https:\/\/www.sediver.com\/fr\/actualites\/sediver-programme-de-decarbonisation\/#breadcrumb"},"inLanguage":"fr-FR","potentialAction":[{"@type":"ReadAction","target":["https:\/\/www.sediver.com\/fr\/actualites\/sediver-programme-de-decarbonisation\/"]}]},{"@type":"ImageObject","inLanguage":"fr-FR","@id":"https:\/\/www.sediver.com\/fr\/actualites\/sediver-programme-de-decarbonisation\/#primaryimage","url":"https:\/\/www.sediver.com\/wp-content\/uploads\/climatecare_sediver.jpg","contentUrl":"https:\/\/www.sediver.com\/wp-content\/uploads\/climatecare_sediver.jpg","width":1250,"height":650,"caption":"ClimateCare - Sediver"},{"@type":"BreadcrumbList","@id":"https:\/\/www.sediver.com\/fr\/actualites\/sediver-programme-de-decarbonisation\/#breadcrumb","itemListElement":[{"@type":"ListItem","position":1,"name":"Accueil","item":"https:\/\/www.sediver.com\/fr\/"},{"@type":"ListItem","position":2,"name":"Sediver &#8211; Programme de d\u00e9carbonisation"}]},{"@type":"WebSite","@id":"https:\/\/www.sediver.com\/fr\/#website","url":"https:\/\/www.sediver.com\/fr\/","name":"Sediver","description":"","potentialAction":[{"@type":"SearchAction","target":{"@type":"EntryPoint","urlTemplate":"https:\/\/www.sediver.com\/fr\/?s={search_term_string}"},"query-input":{"@type":"PropertyValueSpecification","valueRequired":true,"valueName":"search_term_string"}}],"inLanguage":"fr-FR"},{"@type":"Person","@id":"https:\/\/www.sediver.com\/fr\/#\/schema\/person\/c1bd2b6da3d53114b4cccca0ac8dcbe8","name":"Carine Louis"}]}},"_links":{"self":[{"href":"https:\/\/www.sediver.com\/fr\/wp-json\/wp\/v2\/posts\/7667","targetHints":{"allow":["GET"]}}],"collection":[{"href":"https:\/\/www.sediver.com\/fr\/wp-json\/wp\/v2\/posts"}],"about":[{"href":"https:\/\/www.sediver.com\/fr\/wp-json\/wp\/v2\/types\/post"}],"author":[{"embeddable":true,"href":"https:\/\/www.sediver.com\/fr\/wp-json\/wp\/v2\/users\/4"}],"replies":[{"embeddable":true,"href":"https:\/\/www.sediver.com\/fr\/wp-json\/wp\/v2\/comments?post=7667"}],"version-history":[{"count":4,"href":"https:\/\/www.sediver.com\/fr\/wp-json\/wp\/v2\/posts\/7667\/revisions"}],"predecessor-version":[{"id":7681,"href":"https:\/\/www.sediver.com\/fr\/wp-json\/wp\/v2\/posts\/7667\/revisions\/7681"}],"wp:featuredmedia":[{"embeddable":true,"href":"https:\/\/www.sediver.com\/fr\/wp-json\/wp\/v2\/media\/7645"}],"wp:attachment":[{"href":"https:\/\/www.sediver.com\/fr\/wp-json\/wp\/v2\/media?parent=7667"}],"wp:term":[{"taxonomy":"category","embeddable":true,"href":"https:\/\/www.sediver.com\/fr\/wp-json\/wp\/v2\/categories?post=7667"},{"taxonomy":"post_tag","embeddable":true,"href":"https:\/\/www.sediver.com\/fr\/wp-json\/wp\/v2\/tags?post=7667"}],"curies":[{"name":"wp","href":"https:\/\/api.w.org\/{rel}","templated":true}]}}